{"id":8341,"date":"2025-06-20T09:59:17","date_gmt":"2025-06-20T09:59:17","guid":{"rendered":"https:\/\/bastardsknives.com\/?p=8341"},"modified":"2025-06-26T00:03:18","modified_gmt":"2025-06-26T00:03:18","slug":"wir-sind-auf-der-messerboerse-in-valencia","status":"publish","type":"post","link":"https:\/\/bastardsknives.com\/de\/wir-sind-auf-der-messerboerse-in-valencia\/","title":{"rendered":"Wir sind auf der Messerb\u00f6rse in Valencia!"},"content":{"rendered":"<p data-start=\"2790\" data-end=\"3021\"><img decoding=\"async\" class=\"size-us_600_400 wp-image-8331 alignright\" src=\"https:\/\/bastardsknives.com\/wp-content\/uploads\/2025\/06\/Feria-de-Cuchilleria-de-Valencia-400x400.jpeg\" alt=\"\" width=\"400\" height=\"400\" srcset=\"https:\/\/bastardsknives.com\/wp-content\/uploads\/2025\/06\/Feria-de-Cuchilleria-de-Valencia-400x400.jpeg 400w, https:\/\/bastardsknives.com\/wp-content\/uploads\/2025\/06\/Feria-de-Cuchilleria-de-Valencia-300x300.jpeg 300w, https:\/\/bastardsknives.com\/wp-content\/uploads\/2025\/06\/Feria-de-Cuchilleria-de-Valencia-1024x1024.jpeg 1024w, https:\/\/bastardsknives.com\/wp-content\/uploads\/2025\/06\/Feria-de-Cuchilleria-de-Valencia-150x150.jpeg 150w, https:\/\/bastardsknives.com\/wp-content\/uploads\/2025\/06\/Feria-de-Cuchilleria-de-Valencia-250x250.jpeg 250w, https:\/\/bastardsknives.com\/wp-content\/uploads\/2025\/06\/Feria-de-Cuchilleria-de-Valencia-600x600.jpeg 600w, https:\/\/bastardsknives.com\/wp-content\/uploads\/2025\/06\/Feria-de-Cuchilleria-de-Valencia.jpeg 1890w\" sizes=\"(max-width: 400px) 100vw, 400px\" \/>Am <strong data-start=\"2809\" data-end=\"2834\">12. und 13. Juli 2025<\/strong> verwandelt sich Valencia in den Treffpunkt f\u00fcr Messerliebhaber aus ganz Europa. Die <a href=\"https:\/\/feriadecuchilleriadevalencia.es\/\" target=\"_blank\" rel=\"noopener\"><strong data-start=\"2919\" data-end=\"2947\">Messerb\u00f6rse von Valencia<\/strong><\/a> steht vor der T\u00fcr \u2013 und wir von <strong data-start=\"2980\" data-end=\"3020\">Bastards Knives sind nat\u00fcrlich dabei<\/strong>.<\/p>\n<p data-start=\"3023\" data-end=\"3251\">Zwei Tage voller Stahl, Handwerkskunst und Leidenschaft. Wir bringen unsere charaktervollsten St\u00fccke mit, pr\u00e4sentieren <strong data-start=\"3142\" data-end=\"3166\">limitierte Editionen<\/strong>, und freuen uns darauf, mit euch \u00fcber Design, Materialien und Lifestyle zu sprechen.<\/p>\n<p data-start=\"3253\" data-end=\"3382\">Wenn du Teil der #BastardsFamily bist \u2013 oder es werden willst \u2013 dann ist dies deine Gelegenheit.<br data-start=\"3349\" data-end=\"3352\" \/><strong data-start=\"3352\" data-end=\"3382\">Wir sehen uns in Valencia!<\/strong><\/p>\n","protected":false},"excerpt":{"rendered":"<p>Am 12. und 13. Juli 2025 verwandelt sich Valencia in den Treffpunkt f\u00fcr Messerliebhaber aus ganz Europa. Die Messerb\u00f6rse von Valencia steht vor der T\u00fcr \u2013 und wir von Bastards Knives sind nat\u00fcrlich dabei. Zwei Tage voller Stahl, Handwerkskunst und Leidenschaft. Wir bringen unsere charaktervollsten St\u00fccke mit, pr\u00e4sentieren limitierte Editionen, und freuen uns darauf, mit&#8230;<\/p>\n","protected":false},"author":4,"featured_media":8334,"comment_status":"closed","ping_status":"closed","sticky":false,"template":"","format":"standard","meta":{"footnotes":""},"categories":[686],"tags":[],"class_list":["post-8341","post","type-post","status-publish","format-standard","has-post-thumbnail","hentry","category-handgefertigte-messer"],"acf":[],"yoast_head":"<!-- This site is optimized with the Yoast SEO plugin v23.1 - https:\/\/yoast.com\/wordpress\/plugins\/seo\/ -->\n<title>Treffen wir uns auf der Messerb\u00f6rse in Valencia \u2013 Bastards Knives<\/title>\n<meta name=\"description\" content=\"Am 12. und 13. Juli 2025 sind wir auf der Messerb\u00f6rse in Valencia. Entdecke unsere exklusivsten St\u00fccke und werde Teil der Bastards Knives Family.\" \/>\n<meta name=\"robots\" content=\"index, follow, max-snippet:-1, max-image-preview:large, max-video-preview:-1\" \/>\n<link rel=\"canonical\" href=\"https:\/\/bastardsknives.com\/de\/wir-sind-auf-der-messerboerse-in-valencia\/\" \/>\n<meta property=\"og:locale\" content=\"de_DE\" \/>\n<meta property=\"og:type\" content=\"article\" \/>\n<meta property=\"og:title\" content=\"Treffen wir uns auf der Messerb\u00f6rse in Valencia \u2013 Bastards Knives\" \/>\n<meta property=\"og:description\" content=\"Am 12. und 13. Juli 2025 sind wir auf der Messerb\u00f6rse in Valencia. Entdecke unsere exklusivsten St\u00fccke und werde Teil der Bastards Knives Family.\" \/>\n<meta property=\"og:url\" content=\"https:\/\/bastardsknives.com\/de\/wir-sind-auf-der-messerboerse-in-valencia\/\" \/>\n<meta property=\"og:site_name\" content=\"Bastards Knives\" \/>\n<meta property=\"article:published_time\" content=\"2025-06-20T09:59:17+00:00\" \/>\n<meta property=\"article:modified_time\" content=\"2025-06-26T00:03:18+00:00\" \/>\n<meta property=\"og:image\" content=\"https:\/\/bastardsknives.com\/wp-content\/uploads\/2025\/06\/forging-of-handmade-cutlery.jpeg\" \/>\n\t<meta property=\"og:image:width\" content=\"1344\" \/>\n\t<meta property=\"og:image:height\" content=\"768\" \/>\n\t<meta property=\"og:image:type\" content=\"image\/jpeg\" \/>\n<meta name=\"author\" content=\"Bastards Knives\" \/>\n<meta name=\"twitter:card\" content=\"summary_large_image\" \/>\n<meta name=\"twitter:label1\" content=\"Verfasst von\" \/>\n\t<meta name=\"twitter:data1\" content=\"Bastards Knives\" \/>\n\t<meta name=\"twitter:label2\" content=\"Gesch\u00e4tzte Lesezeit\" \/>\n\t<meta name=\"twitter:data2\" content=\"1\u00a0Minute\" \/>\n<script type=\"application\/ld+json\" class=\"yoast-schema-graph\">{\"@context\":\"https:\/\/schema.org\",\"@graph\":[{\"@type\":\"Article\",\"@id\":\"https:\/\/bastardsknives.com\/de\/wir-sind-auf-der-messerboerse-in-valencia\/#article\",\"isPartOf\":{\"@id\":\"https:\/\/bastardsknives.com\/de\/wir-sind-auf-der-messerboerse-in-valencia\/\"},\"author\":{\"name\":\"Bastards Knives\",\"@id\":\"https:\/\/bastardsknives.com\/de\/#\/schema\/person\/facdff38d9ee7f125927744e195df341\"},\"headline\":\"Wir sind auf der Messerb\u00f6rse in Valencia!\",\"datePublished\":\"2025-06-20T09:59:17+00:00\",\"dateModified\":\"2025-06-26T00:03:18+00:00\",\"mainEntityOfPage\":{\"@id\":\"https:\/\/bastardsknives.com\/de\/wir-sind-auf-der-messerboerse-in-valencia\/\"},\"wordCount\":93,\"publisher\":{\"@id\":\"https:\/\/bastardsknives.com\/de\/#organization\"},\"image\":{\"@id\":\"https:\/\/bastardsknives.com\/de\/wir-sind-auf-der-messerboerse-in-valencia\/#primaryimage\"},\"thumbnailUrl\":\"https:\/\/bastardsknives.com\/wp-content\/uploads\/2025\/06\/forging-of-handmade-cutlery.jpeg\",\"articleSection\":[\"Handgefertigte Messer\"],\"inLanguage\":\"de\"},{\"@type\":\"WebPage\",\"@id\":\"https:\/\/bastardsknives.com\/de\/wir-sind-auf-der-messerboerse-in-valencia\/\",\"url\":\"https:\/\/bastardsknives.com\/de\/wir-sind-auf-der-messerboerse-in-valencia\/\",\"name\":\"Treffen wir uns auf der Messerb\u00f6rse in Valencia \u2013 Bastards Knives\",\"isPartOf\":{\"@id\":\"https:\/\/bastardsknives.com\/de\/#website\"},\"primaryImageOfPage\":{\"@id\":\"https:\/\/bastardsknives.com\/de\/wir-sind-auf-der-messerboerse-in-valencia\/#primaryimage\"},\"image\":{\"@id\":\"https:\/\/bastardsknives.com\/de\/wir-sind-auf-der-messerboerse-in-valencia\/#primaryimage\"},\"thumbnailUrl\":\"https:\/\/bastardsknives.com\/wp-content\/uploads\/2025\/06\/forging-of-handmade-cutlery.jpeg\",\"datePublished\":\"2025-06-20T09:59:17+00:00\",\"dateModified\":\"2025-06-26T00:03:18+00:00\",\"description\":\"Am 12. und 13. Juli 2025 sind wir auf der Messerb\u00f6rse in Valencia. Entdecke unsere exklusivsten St\u00fccke und werde Teil der Bastards Knives Family.\",\"breadcrumb\":{\"@id\":\"https:\/\/bastardsknives.com\/de\/wir-sind-auf-der-messerboerse-in-valencia\/#breadcrumb\"},\"inLanguage\":\"de\",\"potentialAction\":[{\"@type\":\"ReadAction\",\"target\":[\"https:\/\/bastardsknives.com\/de\/wir-sind-auf-der-messerboerse-in-valencia\/\"]}]},{\"@type\":\"ImageObject\",\"inLanguage\":\"de\",\"@id\":\"https:\/\/bastardsknives.com\/de\/wir-sind-auf-der-messerboerse-in-valencia\/#primaryimage\",\"url\":\"https:\/\/bastardsknives.com\/wp-content\/uploads\/2025\/06\/forging-of-handmade-cutlery.jpeg\",\"contentUrl\":\"https:\/\/bastardsknives.com\/wp-content\/uploads\/2025\/06\/forging-of-handmade-cutlery.jpeg\",\"width\":1344,\"height\":768},{\"@type\":\"BreadcrumbList\",\"@id\":\"https:\/\/bastardsknives.com\/de\/wir-sind-auf-der-messerboerse-in-valencia\/#breadcrumb\",\"itemListElement\":[{\"@type\":\"ListItem\",\"position\":1,\"name\":\"Home\",\"item\":\"https:\/\/bastardsknives.com\/de\/\"},{\"@type\":\"ListItem\",\"position\":2,\"name\":\"Wir sind auf der Messerb\u00f6rse in Valencia!\"}]},{\"@type\":\"WebSite\",\"@id\":\"https:\/\/bastardsknives.com\/de\/#website\",\"url\":\"https:\/\/bastardsknives.com\/de\/\",\"name\":\"Bastards Knives\",\"description\":\"Bastards Knives | Viviendo al filo\",\"publisher\":{\"@id\":\"https:\/\/bastardsknives.com\/de\/#organization\"},\"potentialAction\":[{\"@type\":\"SearchAction\",\"target\":{\"@type\":\"EntryPoint\",\"urlTemplate\":\"https:\/\/bastardsknives.com\/de\/?s={search_term_string}\"},\"query-input\":\"required name=search_term_string\"}],\"inLanguage\":\"de\"},{\"@type\":\"Organization\",\"@id\":\"https:\/\/bastardsknives.com\/de\/#organization\",\"name\":\"Bastards Knives\",\"url\":\"https:\/\/bastardsknives.com\/de\/\",\"logo\":{\"@type\":\"ImageObject\",\"inLanguage\":\"de\",\"@id\":\"https:\/\/bastardsknives.com\/de\/#\/schema\/logo\/image\/\",\"url\":\"https:\/\/bastardsknives.com\/wp-content\/uploads\/2022\/07\/Logoprod1.png\",\"contentUrl\":\"https:\/\/bastardsknives.com\/wp-content\/uploads\/2022\/07\/Logoprod1.png\",\"width\":284,\"height\":122,\"caption\":\"Bastards Knives\"},\"image\":{\"@id\":\"https:\/\/bastardsknives.com\/de\/#\/schema\/logo\/image\/\"}},{\"@type\":\"Person\",\"@id\":\"https:\/\/bastardsknives.com\/de\/#\/schema\/person\/facdff38d9ee7f125927744e195df341\",\"name\":\"Bastards Knives\",\"image\":{\"@type\":\"ImageObject\",\"inLanguage\":\"de\",\"@id\":\"https:\/\/bastardsknives.com\/de\/#\/schema\/person\/image\/\",\"url\":\"https:\/\/secure.gravatar.com\/avatar\/8e0c6266115797b0e6b6e0646ba9fab4dede49eea37380997f57ed77e86d5daf?s=96&d=mm&r=g\",\"contentUrl\":\"https:\/\/secure.gravatar.com\/avatar\/8e0c6266115797b0e6b6e0646ba9fab4dede49eea37380997f57ed77e86d5daf?s=96&d=mm&r=g\",\"caption\":\"Bastards Knives\"},\"url\":\"https:\/\/bastardsknives.com\/de\/author\/alana_admin\/\"}]}<\/script>\n<!-- \/ Yoast SEO plugin. -->","yoast_head_json":{"title":"Treffen wir uns auf der Messerb\u00f6rse in Valencia \u2013 Bastards Knives","description":"Am 12. und 13. Juli 2025 sind wir auf der Messerb\u00f6rse in Valencia. Entdecke unsere exklusivsten St\u00fccke und werde Teil der Bastards Knives Family.","robots":{"index":"index","follow":"follow","max-snippet":"max-snippet:-1","max-image-preview":"max-image-preview:large","max-video-preview":"max-video-preview:-1"},"canonical":"https:\/\/bastardsknives.com\/de\/wir-sind-auf-der-messerboerse-in-valencia\/","og_locale":"de_DE","og_type":"article","og_title":"Treffen wir uns auf der Messerb\u00f6rse in Valencia \u2013 Bastards Knives","og_description":"Am 12. und 13. Juli 2025 sind wir auf der Messerb\u00f6rse in Valencia. Entdecke unsere exklusivsten St\u00fccke und werde Teil der Bastards Knives Family.","og_url":"https:\/\/bastardsknives.com\/de\/wir-sind-auf-der-messerboerse-in-valencia\/","og_site_name":"Bastards Knives","article_published_time":"2025-06-20T09:59:17+00:00","article_modified_time":"2025-06-26T00:03:18+00:00","og_image":[{"width":1344,"height":768,"url":"https:\/\/bastardsknives.com\/wp-content\/uploads\/2025\/06\/forging-of-handmade-cutlery.jpeg","type":"image\/jpeg"}],"author":"Bastards Knives","twitter_card":"summary_large_image","twitter_misc":{"Verfasst von":"Bastards Knives","Gesch\u00e4tzte Lesezeit":"1\u00a0Minute"},"schema":{"@context":"https:\/\/schema.org","@graph":[{"@type":"Article","@id":"https:\/\/bastardsknives.com\/de\/wir-sind-auf-der-messerboerse-in-valencia\/#article","isPartOf":{"@id":"https:\/\/bastardsknives.com\/de\/wir-sind-auf-der-messerboerse-in-valencia\/"},"author":{"name":"Bastards Knives","@id":"https:\/\/bastardsknives.com\/de\/#\/schema\/person\/facdff38d9ee7f125927744e195df341"},"headline":"Wir sind auf der Messerb\u00f6rse in Valencia!","datePublished":"2025-06-20T09:59:17+00:00","dateModified":"2025-06-26T00:03:18+00:00","mainEntityOfPage":{"@id":"https:\/\/bastardsknives.com\/de\/wir-sind-auf-der-messerboerse-in-valencia\/"},"wordCount":93,"publisher":{"@id":"https:\/\/bastardsknives.com\/de\/#organization"},"image":{"@id":"https:\/\/bastardsknives.com\/de\/wir-sind-auf-der-messerboerse-in-valencia\/#primaryimage"},"thumbnailUrl":"https:\/\/bastardsknives.com\/wp-content\/uploads\/2025\/06\/forging-of-handmade-cutlery.jpeg","articleSection":["Handgefertigte Messer"],"inLanguage":"de"},{"@type":"WebPage","@id":"https:\/\/bastardsknives.com\/de\/wir-sind-auf-der-messerboerse-in-valencia\/","url":"https:\/\/bastardsknives.com\/de\/wir-sind-auf-der-messerboerse-in-valencia\/","name":"Treffen wir uns auf der Messerb\u00f6rse in Valencia \u2013 Bastards Knives","isPartOf":{"@id":"https:\/\/bastardsknives.com\/de\/#website"},"primaryImageOfPage":{"@id":"https:\/\/bastardsknives.com\/de\/wir-sind-auf-der-messerboerse-in-valencia\/#primaryimage"},"image":{"@id":"https:\/\/bastardsknives.com\/de\/wir-sind-auf-der-messerboerse-in-valencia\/#primaryimage"},"thumbnailUrl":"https:\/\/bastardsknives.com\/wp-content\/uploads\/2025\/06\/forging-of-handmade-cutlery.jpeg","datePublished":"2025-06-20T09:59:17+00:00","dateModified":"2025-06-26T00:03:18+00:00","description":"Am 12. und 13. Juli 2025 sind wir auf der Messerb\u00f6rse in Valencia. Entdecke unsere exklusivsten St\u00fccke und werde Teil der Bastards Knives Family.","breadcrumb":{"@id":"https:\/\/bastardsknives.com\/de\/wir-sind-auf-der-messerboerse-in-valencia\/#breadcrumb"},"inLanguage":"de","potentialAction":[{"@type":"ReadAction","target":["https:\/\/bastardsknives.com\/de\/wir-sind-auf-der-messerboerse-in-valencia\/"]}]},{"@type":"ImageObject","inLanguage":"de","@id":"https:\/\/bastardsknives.com\/de\/wir-sind-auf-der-messerboerse-in-valencia\/#primaryimage","url":"https:\/\/bastardsknives.com\/wp-content\/uploads\/2025\/06\/forging-of-handmade-cutlery.jpeg","contentUrl":"https:\/\/bastardsknives.com\/wp-content\/uploads\/2025\/06\/forging-of-handmade-cutlery.jpeg","width":1344,"height":768},{"@type":"BreadcrumbList","@id":"https:\/\/bastardsknives.com\/de\/wir-sind-auf-der-messerboerse-in-valencia\/#breadcrumb","itemListElement":[{"@type":"ListItem","position":1,"name":"Home","item":"https:\/\/bastardsknives.com\/de\/"},{"@type":"ListItem","position":2,"name":"Wir sind auf der Messerb\u00f6rse in Valencia!"}]},{"@type":"WebSite","@id":"https:\/\/bastardsknives.com\/de\/#website","url":"https:\/\/bastardsknives.com\/de\/","name":"Bastards Knives","description":"Bastards Knives | Viviendo al filo","publisher":{"@id":"https:\/\/bastardsknives.com\/de\/#organization"},"potentialAction":[{"@type":"SearchAction","target":{"@type":"EntryPoint","urlTemplate":"https:\/\/bastardsknives.com\/de\/?s={search_term_string}"},"query-input":"required name=search_term_string"}],"inLanguage":"de"},{"@type":"Organization","@id":"https:\/\/bastardsknives.com\/de\/#organization","name":"Bastards Knives","url":"https:\/\/bastardsknives.com\/de\/","logo":{"@type":"ImageObject","inLanguage":"de","@id":"https:\/\/bastardsknives.com\/de\/#\/schema\/logo\/image\/","url":"https:\/\/bastardsknives.com\/wp-content\/uploads\/2022\/07\/Logoprod1.png","contentUrl":"https:\/\/bastardsknives.com\/wp-content\/uploads\/2022\/07\/Logoprod1.png","width":284,"height":122,"caption":"Bastards Knives"},"image":{"@id":"https:\/\/bastardsknives.com\/de\/#\/schema\/logo\/image\/"}},{"@type":"Person","@id":"https:\/\/bastardsknives.com\/de\/#\/schema\/person\/facdff38d9ee7f125927744e195df341","name":"Bastards Knives","image":{"@type":"ImageObject","inLanguage":"de","@id":"https:\/\/bastardsknives.com\/de\/#\/schema\/person\/image\/","url":"https:\/\/secure.gravatar.com\/avatar\/8e0c6266115797b0e6b6e0646ba9fab4dede49eea37380997f57ed77e86d5daf?s=96&d=mm&r=g","contentUrl":"https:\/\/secure.gravatar.com\/avatar\/8e0c6266115797b0e6b6e0646ba9fab4dede49eea37380997f57ed77e86d5daf?s=96&d=mm&r=g","caption":"Bastards Knives"},"url":"https:\/\/bastardsknives.com\/de\/author\/alana_admin\/"}]}},"_links":{"self":[{"href":"https:\/\/bastardsknives.com\/de\/wp-json\/wp\/v2\/posts\/8341","targetHints":{"allow":["GET"]}}],"collection":[{"href":"https:\/\/bastardsknives.com\/de\/wp-json\/wp\/v2\/posts"}],"about":[{"href":"https:\/\/bastardsknives.com\/de\/wp-json\/wp\/v2\/types\/post"}],"author":[{"embeddable":true,"href":"https:\/\/bastardsknives.com\/de\/wp-json\/wp\/v2\/users\/4"}],"replies":[{"embeddable":true,"href":"https:\/\/bastardsknives.com\/de\/wp-json\/wp\/v2\/comments?post=8341"}],"version-history":[{"count":0,"href":"https:\/\/bastardsknives.com\/de\/wp-json\/wp\/v2\/posts\/8341\/revisions"}],"wp:featuredmedia":[{"embeddable":true,"href":"https:\/\/bastardsknives.com\/de\/wp-json\/wp\/v2\/media\/8334"}],"wp:attachment":[{"href":"https:\/\/bastardsknives.com\/de\/wp-json\/wp\/v2\/media?parent=8341"}],"wp:term":[{"taxonomy":"category","embeddable":true,"href":"https:\/\/bastardsknives.com\/de\/wp-json\/wp\/v2\/categories?post=8341"},{"taxonomy":"post_tag","embeddable":true,"href":"https:\/\/bastardsknives.com\/de\/wp-json\/wp\/v2\/tags?post=8341"}],"curies":[{"name":"wp","href":"https:\/\/api.w.org\/{rel}","templated":true}]}}